{"id":2898,"date":"2015-12-27T10:44:54","date_gmt":"2015-12-27T09:44:54","guid":{"rendered":"https:\/\/kuzar.es\/puertas-abiertas-kuzar-en-valencia\/"},"modified":"2019-10-07T14:32:10","modified_gmt":"2019-10-07T12:32:10","slug":"puertas-abiertas-kuzar-en-valencia","status":"publish","type":"post","link":"https:\/\/kuzar.es\/en\/puertas-abiertas-kuzar-en-valencia\/","title":{"rendered":"KUZAR open doors in Valencia"},"content":{"rendered":"<div class=\"wpb-content-wrapper\">[vc_row][vc_column][vc_column_text]<em><span class=\"posted-on\"><time class=\"entry-date published\" datetime=\"2015-12-27T09:09:52+00:00\">27\/12\/2015<\/time><\/span><\/em><\/p>\n<p style=\"text-align: justify;\">On January 17 we will team up with Proluz to show you our full range of lifting towers and structural towers. Go through Da Capo Producciones in Valencia from 10.00 onwards.<\/p>\n[\/vc_column_text][\/vc_column][\/vc_row]\n<\/div>","protected":false},"excerpt":{"rendered":"[vc_row][vc_column][vc_column_text]27\/12\/2015 On January 17 we will team up with Proluz to show you our full range of lifting towers and structural towers. Go through Da Capo Producciones in Valencia from 10.00 onwards. [\/vc_column_text][\/vc_column][\/vc_row]\n","protected":false},"author":1,"featured_media":2594,"comment_status":"open","ping_status":"open","sticky":false,"template":"","format":"standard","meta":{"_exactmetrics_skip_tracking":false,"_exactmetrics_sitenote_active":false,"_exactmetrics_sitenote_note":"","_exactmetrics_sitenote_category":0,"footnotes":""},"categories":[171],"tags":[],"class_list":["post-2898","post","type-post","status-publish","format-standard","has-post-thumbnail","hentry","category-news"],"yoast_head":"<!-- This site is optimized with the Yoast SEO plugin v27.5 - https:\/\/yoast.com\/product\/yoast-seo-wordpress\/ -->\n<title>KUZAR open doors in Valencia - Kuzar - Torres elevadoras y estructuras met\u00e1licas<\/title>\n<meta name=\"description\" content=\"[vc_row][vc_column][vc_column_text]27\/12\/2015 On January 17 we will team up with Proluz to show you our full range of lifting towers and structural...\" \/>\n<meta name=\"robots\" content=\"index, follow, max-snippet:-1, max-image-preview:large, max-video-preview:-1\" \/>\n<link rel=\"canonical\" href=\"https:\/\/kuzar.es\/en\/puertas-abiertas-kuzar-en-valencia\/\" \/>\n<meta property=\"og:locale\" content=\"en_US\" \/>\n<meta property=\"og:type\" content=\"article\" \/>\n<meta property=\"og:title\" content=\"KUZAR open doors in Valencia - Kuzar - Torres elevadoras y estructuras met\u00e1licas\" \/>\n<meta property=\"og:description\" content=\"[vc_row][vc_column][vc_column_text]27\/12\/2015 On January 17 we will team up with Proluz to show you our full range of lifting towers and structural...\" \/>\n<meta property=\"og:url\" content=\"https:\/\/kuzar.es\/en\/puertas-abiertas-kuzar-en-valencia\/\" \/>\n<meta property=\"og:site_name\" content=\"Kuzar - Torres elevadoras y estructuras met\u00e1licas\" \/>\n<meta property=\"article:published_time\" content=\"2015-12-27T09:44:54+00:00\" \/>\n<meta property=\"article:modified_time\" content=\"2019-10-07T12:32:10+00:00\" \/>\n<meta property=\"og:image\" content=\"https:\/\/kuzar.es\/wp-content\/uploads\/2019\/07\/Open-days.jpg\" \/>\n\t<meta property=\"og:image:width\" content=\"759\" \/>\n\t<meta property=\"og:image:height\" content=\"960\" \/>\n\t<meta property=\"og:image:type\" content=\"image\/jpeg\" \/>\n<meta name=\"author\" content=\"admin-mbl\" \/>\n<meta name=\"twitter:card\" content=\"summary_large_image\" \/>\n<meta name=\"twitter:label1\" content=\"Written by\" \/>\n\t<meta name=\"twitter:data1\" content=\"admin-mbl\" \/>\n<script type=\"application\/ld+json\" class=\"yoast-schema-graph\">{\"@context\":\"https:\\\/\\\/schema.org\",\"@graph\":[{\"@type\":\"Article\",\"@id\":\"https:\\\/\\\/kuzar.es\\\/en\\\/puertas-abiertas-kuzar-en-valencia\\\/#article\",\"isPartOf\":{\"@id\":\"https:\\\/\\\/kuzar.es\\\/en\\\/puertas-abiertas-kuzar-en-valencia\\\/\"},\"author\":{\"name\":\"admin-mbl\",\"@id\":\"https:\\\/\\\/kuzar.es\\\/#\\\/schema\\\/person\\\/85dae3051bae57d38fcacba7aa0bae5b\"},\"headline\":\"KUZAR open doors in Valencia\",\"datePublished\":\"2015-12-27T09:44:54+00:00\",\"dateModified\":\"2019-10-07T12:32:10+00:00\",\"mainEntityOfPage\":{\"@id\":\"https:\\\/\\\/kuzar.es\\\/en\\\/puertas-abiertas-kuzar-en-valencia\\\/\"},\"wordCount\":48,\"commentCount\":0,\"image\":{\"@id\":\"https:\\\/\\\/kuzar.es\\\/en\\\/puertas-abiertas-kuzar-en-valencia\\\/#primaryimage\"},\"thumbnailUrl\":\"https:\\\/\\\/kuzar.es\\\/wp-content\\\/uploads\\\/2019\\\/07\\\/Open-days.jpg\",\"articleSection\":[\"News\"],\"inLanguage\":\"en-US\",\"potentialAction\":[{\"@type\":\"CommentAction\",\"name\":\"Comment\",\"target\":[\"https:\\\/\\\/kuzar.es\\\/en\\\/puertas-abiertas-kuzar-en-valencia\\\/#respond\"]}]},{\"@type\":\"WebPage\",\"@id\":\"https:\\\/\\\/kuzar.es\\\/en\\\/puertas-abiertas-kuzar-en-valencia\\\/\",\"url\":\"https:\\\/\\\/kuzar.es\\\/en\\\/puertas-abiertas-kuzar-en-valencia\\\/\",\"name\":\"KUZAR open doors in Valencia - Kuzar - Torres elevadoras y estructuras met\u00e1licas\",\"isPartOf\":{\"@id\":\"https:\\\/\\\/kuzar.es\\\/#website\"},\"primaryImageOfPage\":{\"@id\":\"https:\\\/\\\/kuzar.es\\\/en\\\/puertas-abiertas-kuzar-en-valencia\\\/#primaryimage\"},\"image\":{\"@id\":\"https:\\\/\\\/kuzar.es\\\/en\\\/puertas-abiertas-kuzar-en-valencia\\\/#primaryimage\"},\"thumbnailUrl\":\"https:\\\/\\\/kuzar.es\\\/wp-content\\\/uploads\\\/2019\\\/07\\\/Open-days.jpg\",\"datePublished\":\"2015-12-27T09:44:54+00:00\",\"dateModified\":\"2019-10-07T12:32:10+00:00\",\"author\":{\"@id\":\"https:\\\/\\\/kuzar.es\\\/#\\\/schema\\\/person\\\/85dae3051bae57d38fcacba7aa0bae5b\"},\"description\":\"[vc_row][vc_column][vc_column_text]27\\\/12\\\/2015 On January 17 we will team up with Proluz to show you our full range of lifting towers and structural...\",\"breadcrumb\":{\"@id\":\"https:\\\/\\\/kuzar.es\\\/en\\\/puertas-abiertas-kuzar-en-valencia\\\/#breadcrumb\"},\"inLanguage\":\"en-US\",\"potentialAction\":[{\"@type\":\"ReadAction\",\"target\":[\"https:\\\/\\\/kuzar.es\\\/en\\\/puertas-abiertas-kuzar-en-valencia\\\/\"]}]},{\"@type\":\"ImageObject\",\"inLanguage\":\"en-US\",\"@id\":\"https:\\\/\\\/kuzar.es\\\/en\\\/puertas-abiertas-kuzar-en-valencia\\\/#primaryimage\",\"url\":\"https:\\\/\\\/kuzar.es\\\/wp-content\\\/uploads\\\/2019\\\/07\\\/Open-days.jpg\",\"contentUrl\":\"https:\\\/\\\/kuzar.es\\\/wp-content\\\/uploads\\\/2019\\\/07\\\/Open-days.jpg\",\"width\":759,\"height\":960,\"caption\":\"KUZAR open doors in Valencia\"},{\"@type\":\"BreadcrumbList\",\"@id\":\"https:\\\/\\\/kuzar.es\\\/en\\\/puertas-abiertas-kuzar-en-valencia\\\/#breadcrumb\",\"itemListElement\":[{\"@type\":\"ListItem\",\"position\":1,\"name\":\"Portada\",\"item\":\"https:\\\/\\\/kuzar.es\\\/en\\\/\"},{\"@type\":\"ListItem\",\"position\":2,\"name\":\"KUZAR open doors in Valencia\"}]},{\"@type\":\"WebSite\",\"@id\":\"https:\\\/\\\/kuzar.es\\\/#website\",\"url\":\"https:\\\/\\\/kuzar.es\\\/\",\"name\":\"Kuzar - Torres elevadoras y estructuras met\u00e1licas\",\"description\":\"Fabricaci\u00f3n de torres elevadoras, estructuras met\u00e1licas e iluminaci\u00f3n para espect\u00e1culos y eventos\",\"potentialAction\":[{\"@type\":\"SearchAction\",\"target\":{\"@type\":\"EntryPoint\",\"urlTemplate\":\"https:\\\/\\\/kuzar.es\\\/?s={search_term_string}\"},\"query-input\":{\"@type\":\"PropertyValueSpecification\",\"valueRequired\":true,\"valueName\":\"search_term_string\"}}],\"inLanguage\":\"en-US\"},{\"@type\":\"Person\",\"@id\":\"https:\\\/\\\/kuzar.es\\\/#\\\/schema\\\/person\\\/85dae3051bae57d38fcacba7aa0bae5b\",\"name\":\"admin-mbl\",\"image\":{\"@type\":\"ImageObject\",\"inLanguage\":\"en-US\",\"@id\":\"https:\\\/\\\/secure.gravatar.com\\\/avatar\\\/87b0e960b549e14d44b3d54f5f2ed80a37ea4558d15db3d525f1de972501f8b8?s=96&d=mm&r=g\",\"url\":\"https:\\\/\\\/secure.gravatar.com\\\/avatar\\\/87b0e960b549e14d44b3d54f5f2ed80a37ea4558d15db3d525f1de972501f8b8?s=96&d=mm&r=g\",\"contentUrl\":\"https:\\\/\\\/secure.gravatar.com\\\/avatar\\\/87b0e960b549e14d44b3d54f5f2ed80a37ea4558d15db3d525f1de972501f8b8?s=96&d=mm&r=g\",\"caption\":\"admin-mbl\"},\"url\":\"https:\\\/\\\/kuzar.es\\\/en\\\/author\\\/admin-mbl\\\/\"}]}<\/script>\n<!-- \/ Yoast SEO plugin. -->","yoast_head_json":{"title":"KUZAR open doors in Valencia - Kuzar - Torres elevadoras y estructuras met\u00e1licas","description":"[vc_row][vc_column][vc_column_text]27\/12\/2015 On January 17 we will team up with Proluz to show you our full range of lifting towers and structural...","robots":{"index":"index","follow":"follow","max-snippet":"max-snippet:-1","max-image-preview":"max-image-preview:large","max-video-preview":"max-video-preview:-1"},"canonical":"https:\/\/kuzar.es\/en\/puertas-abiertas-kuzar-en-valencia\/","og_locale":"en_US","og_type":"article","og_title":"KUZAR open doors in Valencia - Kuzar - Torres elevadoras y estructuras met\u00e1licas","og_description":"[vc_row][vc_column][vc_column_text]27\/12\/2015 On January 17 we will team up with Proluz to show you our full range of lifting towers and structural...","og_url":"https:\/\/kuzar.es\/en\/puertas-abiertas-kuzar-en-valencia\/","og_site_name":"Kuzar - Torres elevadoras y estructuras met\u00e1licas","article_published_time":"2015-12-27T09:44:54+00:00","article_modified_time":"2019-10-07T12:32:10+00:00","og_image":[{"width":759,"height":960,"url":"https:\/\/kuzar.es\/wp-content\/uploads\/2019\/07\/Open-days.jpg","type":"image\/jpeg"}],"author":"admin-mbl","twitter_card":"summary_large_image","twitter_misc":{"Written by":"admin-mbl"},"schema":{"@context":"https:\/\/schema.org","@graph":[{"@type":"Article","@id":"https:\/\/kuzar.es\/en\/puertas-abiertas-kuzar-en-valencia\/#article","isPartOf":{"@id":"https:\/\/kuzar.es\/en\/puertas-abiertas-kuzar-en-valencia\/"},"author":{"name":"admin-mbl","@id":"https:\/\/kuzar.es\/#\/schema\/person\/85dae3051bae57d38fcacba7aa0bae5b"},"headline":"KUZAR open doors in Valencia","datePublished":"2015-12-27T09:44:54+00:00","dateModified":"2019-10-07T12:32:10+00:00","mainEntityOfPage":{"@id":"https:\/\/kuzar.es\/en\/puertas-abiertas-kuzar-en-valencia\/"},"wordCount":48,"commentCount":0,"image":{"@id":"https:\/\/kuzar.es\/en\/puertas-abiertas-kuzar-en-valencia\/#primaryimage"},"thumbnailUrl":"https:\/\/kuzar.es\/wp-content\/uploads\/2019\/07\/Open-days.jpg","articleSection":["News"],"inLanguage":"en-US","potentialAction":[{"@type":"CommentAction","name":"Comment","target":["https:\/\/kuzar.es\/en\/puertas-abiertas-kuzar-en-valencia\/#respond"]}]},{"@type":"WebPage","@id":"https:\/\/kuzar.es\/en\/puertas-abiertas-kuzar-en-valencia\/","url":"https:\/\/kuzar.es\/en\/puertas-abiertas-kuzar-en-valencia\/","name":"KUZAR open doors in Valencia - Kuzar - Torres elevadoras y estructuras met\u00e1licas","isPartOf":{"@id":"https:\/\/kuzar.es\/#website"},"primaryImageOfPage":{"@id":"https:\/\/kuzar.es\/en\/puertas-abiertas-kuzar-en-valencia\/#primaryimage"},"image":{"@id":"https:\/\/kuzar.es\/en\/puertas-abiertas-kuzar-en-valencia\/#primaryimage"},"thumbnailUrl":"https:\/\/kuzar.es\/wp-content\/uploads\/2019\/07\/Open-days.jpg","datePublished":"2015-12-27T09:44:54+00:00","dateModified":"2019-10-07T12:32:10+00:00","author":{"@id":"https:\/\/kuzar.es\/#\/schema\/person\/85dae3051bae57d38fcacba7aa0bae5b"},"description":"[vc_row][vc_column][vc_column_text]27\/12\/2015 On January 17 we will team up with Proluz to show you our full range of lifting towers and structural...","breadcrumb":{"@id":"https:\/\/kuzar.es\/en\/puertas-abiertas-kuzar-en-valencia\/#breadcrumb"},"inLanguage":"en-US","potentialAction":[{"@type":"ReadAction","target":["https:\/\/kuzar.es\/en\/puertas-abiertas-kuzar-en-valencia\/"]}]},{"@type":"ImageObject","inLanguage":"en-US","@id":"https:\/\/kuzar.es\/en\/puertas-abiertas-kuzar-en-valencia\/#primaryimage","url":"https:\/\/kuzar.es\/wp-content\/uploads\/2019\/07\/Open-days.jpg","contentUrl":"https:\/\/kuzar.es\/wp-content\/uploads\/2019\/07\/Open-days.jpg","width":759,"height":960,"caption":"KUZAR open doors in Valencia"},{"@type":"BreadcrumbList","@id":"https:\/\/kuzar.es\/en\/puertas-abiertas-kuzar-en-valencia\/#breadcrumb","itemListElement":[{"@type":"ListItem","position":1,"name":"Portada","item":"https:\/\/kuzar.es\/en\/"},{"@type":"ListItem","position":2,"name":"KUZAR open doors in Valencia"}]},{"@type":"WebSite","@id":"https:\/\/kuzar.es\/#website","url":"https:\/\/kuzar.es\/","name":"Kuzar - Torres elevadoras y estructuras met\u00e1licas","description":"Fabricaci\u00f3n de torres elevadoras, estructuras met\u00e1licas e iluminaci\u00f3n para espect\u00e1culos y eventos","potentialAction":[{"@type":"SearchAction","target":{"@type":"EntryPoint","urlTemplate":"https:\/\/kuzar.es\/?s={search_term_string}"},"query-input":{"@type":"PropertyValueSpecification","valueRequired":true,"valueName":"search_term_string"}}],"inLanguage":"en-US"},{"@type":"Person","@id":"https:\/\/kuzar.es\/#\/schema\/person\/85dae3051bae57d38fcacba7aa0bae5b","name":"admin-mbl","image":{"@type":"ImageObject","inLanguage":"en-US","@id":"https:\/\/secure.gravatar.com\/avatar\/87b0e960b549e14d44b3d54f5f2ed80a37ea4558d15db3d525f1de972501f8b8?s=96&d=mm&r=g","url":"https:\/\/secure.gravatar.com\/avatar\/87b0e960b549e14d44b3d54f5f2ed80a37ea4558d15db3d525f1de972501f8b8?s=96&d=mm&r=g","contentUrl":"https:\/\/secure.gravatar.com\/avatar\/87b0e960b549e14d44b3d54f5f2ed80a37ea4558d15db3d525f1de972501f8b8?s=96&d=mm&r=g","caption":"admin-mbl"},"url":"https:\/\/kuzar.es\/en\/author\/admin-mbl\/"}]}},"_links":{"self":[{"href":"https:\/\/kuzar.es\/en\/wp-json\/wp\/v2\/posts\/2898","targetHints":{"allow":["GET"]}}],"collection":[{"href":"https:\/\/kuzar.es\/en\/wp-json\/wp\/v2\/posts"}],"about":[{"href":"https:\/\/kuzar.es\/en\/wp-json\/wp\/v2\/types\/post"}],"author":[{"embeddable":true,"href":"https:\/\/kuzar.es\/en\/wp-json\/wp\/v2\/users\/1"}],"replies":[{"embeddable":true,"href":"https:\/\/kuzar.es\/en\/wp-json\/wp\/v2\/comments?post=2898"}],"version-history":[{"count":2,"href":"https:\/\/kuzar.es\/en\/wp-json\/wp\/v2\/posts\/2898\/revisions"}],"predecessor-version":[{"id":2900,"href":"https:\/\/kuzar.es\/en\/wp-json\/wp\/v2\/posts\/2898\/revisions\/2900"}],"wp:featuredmedia":[{"embeddable":true,"href":"https:\/\/kuzar.es\/en\/wp-json\/wp\/v2\/media\/2594"}],"wp:attachment":[{"href":"https:\/\/kuzar.es\/en\/wp-json\/wp\/v2\/media?parent=2898"}],"wp:term":[{"taxonomy":"category","embeddable":true,"href":"https:\/\/kuzar.es\/en\/wp-json\/wp\/v2\/categories?post=2898"},{"taxonomy":"post_tag","embeddable":true,"href":"https:\/\/kuzar.es\/en\/wp-json\/wp\/v2\/tags?post=2898"}],"curies":[{"name":"wp","href":"https:\/\/api.w.org\/{rel}","templated":true}]}}